{"id":656,"date":"2026-04-26T19:26:58","date_gmt":"2026-04-26T19:26:58","guid":{"rendered":"https:\/\/chicabinaria.com\/ch\/?p=656"},"modified":"2026-04-28T03:20:00","modified_gmt":"2026-04-28T03:20:00","slug":"apple-inicia-la-produccion-del-iphone-fold-tarde-o-perfecto","status":"publish","type":"post","link":"https:\/\/chicabinaria.com\/ch\/blog\/2026\/04\/26\/apple-inicia-la-produccion-del-iphone-fold-tarde-o-perfecto\/","title":{"rendered":"Apple inicia la producci\u00f3n del iPhone Fold: \u00bfTarde o perfecto?."},"content":{"rendered":"<p style=\"text-align: justify;\"><strong><span style=\"font-size: 14pt;\">El gigante de Cupertino entra en la arena de los plegables con una estrategia de \u00abperfecci\u00f3n tard\u00eda\u00bb para eliminar la fricci\u00f3n del usuario profesional.<\/span><\/strong><\/p>\n<p style=\"text-align: justify;\" data-path-to-node=\"5\">Tras a\u00f1os de patentes cr\u00edpticas, rumores persistentes y una espera que parec\u00eda interminable, los reportes de la cadena de suministro en Asia confirmaron este fin de semana lo inevitable: el <b data-path-to-node=\"5\" data-index-in-node=\"190\">iPhone Fold<\/b> ha entrado oficialmente en fase de producci\u00f3n masiva. Para muchos, Apple llega tarde a una fiesta donde Samsung y Huawei ya son veteranos; sin embargo, en <span style=\"color: #ff6600;\"><b data-path-to-node=\"5\" data-index-in-node=\"357\">Chica Binaria<\/b> <\/span>analizamos este movimiento como una <b data-path-to-node=\"5\" data-index-in-node=\"407\">validaci\u00f3n sist\u00e9mica<\/b>. Apple no busca ser el primero en fallar, sino el primero en perfeccionar la <b data-path-to-node=\"5\" data-index-in-node=\"505\">fricci\u00f3n operativa<\/b> del hardware plegable.<\/p>\n<p style=\"text-align: justify;\" data-path-to-node=\"6\">El dispositivo, que seg\u00fan las filtraciones se denominar\u00e1 simplemente \u00abiPhone Pro Fold\u00bb, integra un panel de pol\u00edmero avanzado con tecnolog\u00eda de \u00abautocuraci\u00f3n\u00bb para micro-ara\u00f1azos, resolviendo uno de los mayores dolores de cabeza de la categor\u00eda. Bajo el cap\u00f3, el chip <b data-path-to-node=\"6\" data-index-in-node=\"268\">A19 Pro<\/b> (dise\u00f1ado para procesos de IA multimodal) asegura que la transici\u00f3n entre el modo m\u00f3vil y el modo tablet sea instant\u00e1nea. Esta es la verdadera <b data-path-to-node=\"6\" data-index-in-node=\"419\">cima de la producci\u00f3n<\/b> de Apple: un equipo que no se siente como un experimento, sino como una herramienta de <b data-path-to-node=\"6\" data-index-in-node=\"528\">ventaja competitiva<\/b> para el CEO que necesita gestionar su ecosistema digital sin interrupciones.<\/p>\n<p style=\"text-align: justify;\" data-path-to-node=\"7\">Desde una perspectiva estrat\u00e9gica, el iPhone Fold no compite solo por dise\u00f1o, sino por <b data-path-to-node=\"7\" data-index-in-node=\"87\">integraci\u00f3n de software<\/b>. El nuevo \u00abFoldOS\u00bb adapta las ventanas de trabajo de forma predictiva mediante IA, permitiendo que la multitarea sea realmente fluida. En <span style=\"color: #ff6600;\"><b data-path-to-node=\"7\" data-index-in-node=\"249\">Chica Binaria<\/b><\/span>, vemos esto como la soluci\u00f3n definitiva a la fragmentaci\u00f3n de dispositivos: la muerte silenciosa del iPad Mini y la consolidaci\u00f3n de un solo terminal que ofrece <b data-path-to-node=\"7\" data-index-in-node=\"424\">liquidez de flujo de trabajo<\/b>.<\/p>\n<p style=\"text-align: justify;\" data-path-to-node=\"8\">Para nuestra comunidad, la pregunta \u00ab\u00bftarde o perfecto?\u00bb se responde con los datos de preventa que ya asoman en el horizonte. Apple ha esperado a que la tecnolog\u00eda de pantallas flexibles alcance la madurez necesaria para ofrecer un soporte que no comprometa la durabilidad. No es una entrada tard\u00eda; es la definici\u00f3n del nuevo est\u00e1ndar de lujo funcional para el 2026. El mercado de los plegables acaba de recibir su <b data-path-to-node=\"8\" data-index-in-node=\"416\">validaci\u00f3n de mercado<\/b> definitiva.<\/p>\n","protected":false},"excerpt":{"rendered":"<p>El gigante de Cupertino entra en la arena de los plegables con una estrategia de \u00abperfecci\u00f3n tard\u00eda\u00bb para eliminar la fricci\u00f3n del usuario profesional. Tras a\u00f1os de patentes cr\u00edpticas, rumores persistentes y una espera que parec\u00eda interminable, los reportes de la cadena de suministro en Asia confirmaron este fin de semana lo inevitable: el iPhone [&hellip;]<\/p>\n","protected":false},"author":1,"featured_media":657,"comment_status":"open","ping_status":"open","sticky":false,"template":"","format":"standard","meta":{"footnotes":""},"categories":[7],"tags":[218,219,148,198],"class_list":{"0":"post-656","1":"post","2":"type-post","3":"status-publish","4":"format-standard","5":"has-post-thumbnail","7":"category-moviles","8":"tag-iphone","9":"tag-iphone-fold","10":"tag-lanzamiento","11":"tag-movil"},"yoast_head":"<!-- This site is optimized with the Yoast SEO plugin v27.2 - https:\/\/yoast.com\/product\/yoast-seo-wordpress\/ -->\n<title>Apple inicia la producci\u00f3n del iPhone Fold: \u00bfTarde o perfecto?. - ChicaBinaria.Com<\/title>\n<meta name=\"robots\" content=\"index, follow, max-snippet:-1, max-image-preview:large, max-video-preview:-1\" \/>\n<link rel=\"canonical\" href=\"https:\/\/chicabinaria.com\/ch\/blog\/2026\/04\/26\/apple-inicia-la-produccion-del-iphone-fold-tarde-o-perfecto\/\" \/>\n<meta property=\"og:locale\" content=\"es_ES\" \/>\n<meta property=\"og:type\" content=\"article\" \/>\n<meta property=\"og:title\" content=\"Apple inicia la producci\u00f3n del iPhone Fold: \u00bfTarde o perfecto?. - ChicaBinaria.Com\" \/>\n<meta property=\"og:description\" content=\"El gigante de Cupertino entra en la arena de los plegables con una estrategia de \u00abperfecci\u00f3n tard\u00eda\u00bb para eliminar la fricci\u00f3n del usuario profesional. Tras a\u00f1os de patentes cr\u00edpticas, rumores persistentes y una espera que parec\u00eda interminable, los reportes de la cadena de suministro en Asia confirmaron este fin de semana lo inevitable: el iPhone [&hellip;]\" \/>\n<meta property=\"og:url\" content=\"https:\/\/chicabinaria.com\/ch\/blog\/2026\/04\/26\/apple-inicia-la-produccion-del-iphone-fold-tarde-o-perfecto\/\" \/>\n<meta property=\"og:site_name\" content=\"ChicaBinaria.Com\" \/>\n<meta property=\"article:published_time\" content=\"2026-04-26T19:26:58+00:00\" \/>\n<meta property=\"article:modified_time\" content=\"2026-04-28T03:20:00+00:00\" \/>\n<meta property=\"og:image\" content=\"https:\/\/chicabinaria.com\/ch\/wp-content\/uploads\/2026\/04\/iphone-fold.webp\" \/>\n\t<meta property=\"og:image:width\" content=\"1344\" \/>\n\t<meta property=\"og:image:height\" content=\"768\" \/>\n\t<meta property=\"og:image:type\" content=\"image\/webp\" \/>\n<meta name=\"author\" content=\"admin\" \/>\n<meta name=\"twitter:card\" content=\"summary_large_image\" \/>\n<meta name=\"twitter:label1\" content=\"Escrito por\" \/>\n\t<meta name=\"twitter:data1\" content=\"admin\" \/>\n\t<meta name=\"twitter:label2\" content=\"Tiempo de lectura\" \/>\n\t<meta name=\"twitter:data2\" content=\"2 minutos\" \/>\n<script type=\"application\/ld+json\" class=\"yoast-schema-graph\">{\"@context\":\"https:\/\/schema.org\",\"@graph\":[{\"@type\":\"Article\",\"@id\":\"https:\/\/chicabinaria.com\/ch\/blog\/2026\/04\/26\/apple-inicia-la-produccion-del-iphone-fold-tarde-o-perfecto\/#article\",\"isPartOf\":{\"@id\":\"https:\/\/chicabinaria.com\/ch\/blog\/2026\/04\/26\/apple-inicia-la-produccion-del-iphone-fold-tarde-o-perfecto\/\"},\"author\":{\"name\":\"admin\",\"@id\":\"https:\/\/chicabinaria.com\/ch\/#\/schema\/person\/8a3a5656b251fcccc8ba547f00bbfa7e\"},\"headline\":\"Apple inicia la producci\u00f3n del iPhone Fold: \u00bfTarde o perfecto?.\",\"datePublished\":\"2026-04-26T19:26:58+00:00\",\"dateModified\":\"2026-04-28T03:20:00+00:00\",\"mainEntityOfPage\":{\"@id\":\"https:\/\/chicabinaria.com\/ch\/blog\/2026\/04\/26\/apple-inicia-la-produccion-del-iphone-fold-tarde-o-perfecto\/\"},\"wordCount\":396,\"commentCount\":0,\"image\":{\"@id\":\"https:\/\/chicabinaria.com\/ch\/blog\/2026\/04\/26\/apple-inicia-la-produccion-del-iphone-fold-tarde-o-perfecto\/#primaryimage\"},\"thumbnailUrl\":\"https:\/\/chicabinaria.com\/ch\/wp-content\/uploads\/2026\/04\/iphone-fold.webp\",\"keywords\":[\"iPhone\",\"iPhone Fold\",\"lanzamiento\",\"movil\"],\"articleSection\":[\"Moviles\"],\"inLanguage\":\"es\",\"potentialAction\":[{\"@type\":\"CommentAction\",\"name\":\"Comment\",\"target\":[\"https:\/\/chicabinaria.com\/ch\/blog\/2026\/04\/26\/apple-inicia-la-produccion-del-iphone-fold-tarde-o-perfecto\/#respond\"]}]},{\"@type\":\"WebPage\",\"@id\":\"https:\/\/chicabinaria.com\/ch\/blog\/2026\/04\/26\/apple-inicia-la-produccion-del-iphone-fold-tarde-o-perfecto\/\",\"url\":\"https:\/\/chicabinaria.com\/ch\/blog\/2026\/04\/26\/apple-inicia-la-produccion-del-iphone-fold-tarde-o-perfecto\/\",\"name\":\"Apple inicia la producci\u00f3n del iPhone Fold: \u00bfTarde o perfecto?. - ChicaBinaria.Com\",\"isPartOf\":{\"@id\":\"https:\/\/chicabinaria.com\/ch\/#website\"},\"primaryImageOfPage\":{\"@id\":\"https:\/\/chicabinaria.com\/ch\/blog\/2026\/04\/26\/apple-inicia-la-produccion-del-iphone-fold-tarde-o-perfecto\/#primaryimage\"},\"image\":{\"@id\":\"https:\/\/chicabinaria.com\/ch\/blog\/2026\/04\/26\/apple-inicia-la-produccion-del-iphone-fold-tarde-o-perfecto\/#primaryimage\"},\"thumbnailUrl\":\"https:\/\/chicabinaria.com\/ch\/wp-content\/uploads\/2026\/04\/iphone-fold.webp\",\"datePublished\":\"2026-04-26T19:26:58+00:00\",\"dateModified\":\"2026-04-28T03:20:00+00:00\",\"author\":{\"@id\":\"https:\/\/chicabinaria.com\/ch\/#\/schema\/person\/8a3a5656b251fcccc8ba547f00bbfa7e\"},\"breadcrumb\":{\"@id\":\"https:\/\/chicabinaria.com\/ch\/blog\/2026\/04\/26\/apple-inicia-la-produccion-del-iphone-fold-tarde-o-perfecto\/#breadcrumb\"},\"inLanguage\":\"es\",\"potentialAction\":[{\"@type\":\"ReadAction\",\"target\":[\"https:\/\/chicabinaria.com\/ch\/blog\/2026\/04\/26\/apple-inicia-la-produccion-del-iphone-fold-tarde-o-perfecto\/\"]}]},{\"@type\":\"ImageObject\",\"inLanguage\":\"es\",\"@id\":\"https:\/\/chicabinaria.com\/ch\/blog\/2026\/04\/26\/apple-inicia-la-produccion-del-iphone-fold-tarde-o-perfecto\/#primaryimage\",\"url\":\"https:\/\/chicabinaria.com\/ch\/wp-content\/uploads\/2026\/04\/iphone-fold.webp\",\"contentUrl\":\"https:\/\/chicabinaria.com\/ch\/wp-content\/uploads\/2026\/04\/iphone-fold.webp\",\"width\":1344,\"height\":768},{\"@type\":\"BreadcrumbList\",\"@id\":\"https:\/\/chicabinaria.com\/ch\/blog\/2026\/04\/26\/apple-inicia-la-produccion-del-iphone-fold-tarde-o-perfecto\/#breadcrumb\",\"itemListElement\":[{\"@type\":\"ListItem\",\"position\":1,\"name\":\"Portada\",\"item\":\"https:\/\/chicabinaria.com\/ch\/\"},{\"@type\":\"ListItem\",\"position\":2,\"name\":\"Apple inicia la producci\u00f3n del iPhone Fold: \u00bfTarde o perfecto?.\"}]},{\"@type\":\"WebSite\",\"@id\":\"https:\/\/chicabinaria.com\/ch\/#website\",\"url\":\"https:\/\/chicabinaria.com\/ch\/\",\"name\":\"Chica Binaria - ChicaBinaria.com\",\"description\":\"Noticias de Tecnologia, Juegos, Criptomonedas y Entretenimiento\",\"alternateName\":\"chicabinaria.com\",\"potentialAction\":[{\"@type\":\"SearchAction\",\"target\":{\"@type\":\"EntryPoint\",\"urlTemplate\":\"https:\/\/chicabinaria.com\/ch\/?s={search_term_string}\"},\"query-input\":{\"@type\":\"PropertyValueSpecification\",\"valueRequired\":true,\"valueName\":\"search_term_string\"}}],\"inLanguage\":\"es\"},{\"@type\":\"Person\",\"@id\":\"https:\/\/chicabinaria.com\/ch\/#\/schema\/person\/8a3a5656b251fcccc8ba547f00bbfa7e\",\"name\":\"admin\",\"image\":{\"@type\":\"ImageObject\",\"inLanguage\":\"es\",\"@id\":\"https:\/\/secure.gravatar.com\/avatar\/ef9844a3652555563bfed3ee35f410d3f61ea157eef7f339da0f99d17dff96b2?s=96&d=mm&r=g\",\"url\":\"https:\/\/secure.gravatar.com\/avatar\/ef9844a3652555563bfed3ee35f410d3f61ea157eef7f339da0f99d17dff96b2?s=96&d=mm&r=g\",\"contentUrl\":\"https:\/\/secure.gravatar.com\/avatar\/ef9844a3652555563bfed3ee35f410d3f61ea157eef7f339da0f99d17dff96b2?s=96&d=mm&r=g\",\"caption\":\"admin\"},\"sameAs\":[\"https:\/\/chicabinaria.com\/ch\"],\"url\":\"https:\/\/chicabinaria.com\/ch\/blog\/author\/admin\/\"}]}<\/script>\n<!-- \/ Yoast SEO plugin. -->","yoast_head_json":{"title":"Apple inicia la producci\u00f3n del iPhone Fold: \u00bfTarde o perfecto?. - ChicaBinaria.Com","robots":{"index":"index","follow":"follow","max-snippet":"max-snippet:-1","max-image-preview":"max-image-preview:large","max-video-preview":"max-video-preview:-1"},"canonical":"https:\/\/chicabinaria.com\/ch\/blog\/2026\/04\/26\/apple-inicia-la-produccion-del-iphone-fold-tarde-o-perfecto\/","og_locale":"es_ES","og_type":"article","og_title":"Apple inicia la producci\u00f3n del iPhone Fold: \u00bfTarde o perfecto?. - ChicaBinaria.Com","og_description":"El gigante de Cupertino entra en la arena de los plegables con una estrategia de \u00abperfecci\u00f3n tard\u00eda\u00bb para eliminar la fricci\u00f3n del usuario profesional. Tras a\u00f1os de patentes cr\u00edpticas, rumores persistentes y una espera que parec\u00eda interminable, los reportes de la cadena de suministro en Asia confirmaron este fin de semana lo inevitable: el iPhone [&hellip;]","og_url":"https:\/\/chicabinaria.com\/ch\/blog\/2026\/04\/26\/apple-inicia-la-produccion-del-iphone-fold-tarde-o-perfecto\/","og_site_name":"ChicaBinaria.Com","article_published_time":"2026-04-26T19:26:58+00:00","article_modified_time":"2026-04-28T03:20:00+00:00","og_image":[{"width":1344,"height":768,"url":"https:\/\/chicabinaria.com\/ch\/wp-content\/uploads\/2026\/04\/iphone-fold.webp","type":"image\/webp"}],"author":"admin","twitter_card":"summary_large_image","twitter_misc":{"Escrito por":"admin","Tiempo de lectura":"2 minutos"},"schema":{"@context":"https:\/\/schema.org","@graph":[{"@type":"Article","@id":"https:\/\/chicabinaria.com\/ch\/blog\/2026\/04\/26\/apple-inicia-la-produccion-del-iphone-fold-tarde-o-perfecto\/#article","isPartOf":{"@id":"https:\/\/chicabinaria.com\/ch\/blog\/2026\/04\/26\/apple-inicia-la-produccion-del-iphone-fold-tarde-o-perfecto\/"},"author":{"name":"admin","@id":"https:\/\/chicabinaria.com\/ch\/#\/schema\/person\/8a3a5656b251fcccc8ba547f00bbfa7e"},"headline":"Apple inicia la producci\u00f3n del iPhone Fold: \u00bfTarde o perfecto?.","datePublished":"2026-04-26T19:26:58+00:00","dateModified":"2026-04-28T03:20:00+00:00","mainEntityOfPage":{"@id":"https:\/\/chicabinaria.com\/ch\/blog\/2026\/04\/26\/apple-inicia-la-produccion-del-iphone-fold-tarde-o-perfecto\/"},"wordCount":396,"commentCount":0,"image":{"@id":"https:\/\/chicabinaria.com\/ch\/blog\/2026\/04\/26\/apple-inicia-la-produccion-del-iphone-fold-tarde-o-perfecto\/#primaryimage"},"thumbnailUrl":"https:\/\/chicabinaria.com\/ch\/wp-content\/uploads\/2026\/04\/iphone-fold.webp","keywords":["iPhone","iPhone Fold","lanzamiento","movil"],"articleSection":["Moviles"],"inLanguage":"es","potentialAction":[{"@type":"CommentAction","name":"Comment","target":["https:\/\/chicabinaria.com\/ch\/blog\/2026\/04\/26\/apple-inicia-la-produccion-del-iphone-fold-tarde-o-perfecto\/#respond"]}]},{"@type":"WebPage","@id":"https:\/\/chicabinaria.com\/ch\/blog\/2026\/04\/26\/apple-inicia-la-produccion-del-iphone-fold-tarde-o-perfecto\/","url":"https:\/\/chicabinaria.com\/ch\/blog\/2026\/04\/26\/apple-inicia-la-produccion-del-iphone-fold-tarde-o-perfecto\/","name":"Apple inicia la producci\u00f3n del iPhone Fold: \u00bfTarde o perfecto?. - ChicaBinaria.Com","isPartOf":{"@id":"https:\/\/chicabinaria.com\/ch\/#website"},"primaryImageOfPage":{"@id":"https:\/\/chicabinaria.com\/ch\/blog\/2026\/04\/26\/apple-inicia-la-produccion-del-iphone-fold-tarde-o-perfecto\/#primaryimage"},"image":{"@id":"https:\/\/chicabinaria.com\/ch\/blog\/2026\/04\/26\/apple-inicia-la-produccion-del-iphone-fold-tarde-o-perfecto\/#primaryimage"},"thumbnailUrl":"https:\/\/chicabinaria.com\/ch\/wp-content\/uploads\/2026\/04\/iphone-fold.webp","datePublished":"2026-04-26T19:26:58+00:00","dateModified":"2026-04-28T03:20:00+00:00","author":{"@id":"https:\/\/chicabinaria.com\/ch\/#\/schema\/person\/8a3a5656b251fcccc8ba547f00bbfa7e"},"breadcrumb":{"@id":"https:\/\/chicabinaria.com\/ch\/blog\/2026\/04\/26\/apple-inicia-la-produccion-del-iphone-fold-tarde-o-perfecto\/#breadcrumb"},"inLanguage":"es","potentialAction":[{"@type":"ReadAction","target":["https:\/\/chicabinaria.com\/ch\/blog\/2026\/04\/26\/apple-inicia-la-produccion-del-iphone-fold-tarde-o-perfecto\/"]}]},{"@type":"ImageObject","inLanguage":"es","@id":"https:\/\/chicabinaria.com\/ch\/blog\/2026\/04\/26\/apple-inicia-la-produccion-del-iphone-fold-tarde-o-perfecto\/#primaryimage","url":"https:\/\/chicabinaria.com\/ch\/wp-content\/uploads\/2026\/04\/iphone-fold.webp","contentUrl":"https:\/\/chicabinaria.com\/ch\/wp-content\/uploads\/2026\/04\/iphone-fold.webp","width":1344,"height":768},{"@type":"BreadcrumbList","@id":"https:\/\/chicabinaria.com\/ch\/blog\/2026\/04\/26\/apple-inicia-la-produccion-del-iphone-fold-tarde-o-perfecto\/#breadcrumb","itemListElement":[{"@type":"ListItem","position":1,"name":"Portada","item":"https:\/\/chicabinaria.com\/ch\/"},{"@type":"ListItem","position":2,"name":"Apple inicia la producci\u00f3n del iPhone Fold: \u00bfTarde o perfecto?."}]},{"@type":"WebSite","@id":"https:\/\/chicabinaria.com\/ch\/#website","url":"https:\/\/chicabinaria.com\/ch\/","name":"Chica Binaria - ChicaBinaria.com","description":"Noticias de Tecnologia, Juegos, Criptomonedas y Entretenimiento","alternateName":"chicabinaria.com","potentialAction":[{"@type":"SearchAction","target":{"@type":"EntryPoint","urlTemplate":"https:\/\/chicabinaria.com\/ch\/?s={search_term_string}"},"query-input":{"@type":"PropertyValueSpecification","valueRequired":true,"valueName":"search_term_string"}}],"inLanguage":"es"},{"@type":"Person","@id":"https:\/\/chicabinaria.com\/ch\/#\/schema\/person\/8a3a5656b251fcccc8ba547f00bbfa7e","name":"admin","image":{"@type":"ImageObject","inLanguage":"es","@id":"https:\/\/secure.gravatar.com\/avatar\/ef9844a3652555563bfed3ee35f410d3f61ea157eef7f339da0f99d17dff96b2?s=96&d=mm&r=g","url":"https:\/\/secure.gravatar.com\/avatar\/ef9844a3652555563bfed3ee35f410d3f61ea157eef7f339da0f99d17dff96b2?s=96&d=mm&r=g","contentUrl":"https:\/\/secure.gravatar.com\/avatar\/ef9844a3652555563bfed3ee35f410d3f61ea157eef7f339da0f99d17dff96b2?s=96&d=mm&r=g","caption":"admin"},"sameAs":["https:\/\/chicabinaria.com\/ch"],"url":"https:\/\/chicabinaria.com\/ch\/blog\/author\/admin\/"}]}},"amp_enabled":true,"_links":{"self":[{"href":"https:\/\/chicabinaria.com\/ch\/wp-json\/wp\/v2\/posts\/656","targetHints":{"allow":["GET"]}}],"collection":[{"href":"https:\/\/chicabinaria.com\/ch\/wp-json\/wp\/v2\/posts"}],"about":[{"href":"https:\/\/chicabinaria.com\/ch\/wp-json\/wp\/v2\/types\/post"}],"author":[{"embeddable":true,"href":"https:\/\/chicabinaria.com\/ch\/wp-json\/wp\/v2\/users\/1"}],"replies":[{"embeddable":true,"href":"https:\/\/chicabinaria.com\/ch\/wp-json\/wp\/v2\/comments?post=656"}],"version-history":[{"count":1,"href":"https:\/\/chicabinaria.com\/ch\/wp-json\/wp\/v2\/posts\/656\/revisions"}],"predecessor-version":[{"id":658,"href":"https:\/\/chicabinaria.com\/ch\/wp-json\/wp\/v2\/posts\/656\/revisions\/658"}],"wp:featuredmedia":[{"embeddable":true,"href":"https:\/\/chicabinaria.com\/ch\/wp-json\/wp\/v2\/media\/657"}],"wp:attachment":[{"href":"https:\/\/chicabinaria.com\/ch\/wp-json\/wp\/v2\/media?parent=656"}],"wp:term":[{"taxonomy":"category","embeddable":true,"href":"https:\/\/chicabinaria.com\/ch\/wp-json\/wp\/v2\/categories?post=656"},{"taxonomy":"post_tag","embeddable":true,"href":"https:\/\/chicabinaria.com\/ch\/wp-json\/wp\/v2\/tags?post=656"}],"curies":[{"name":"wp","href":"https:\/\/api.w.org\/{rel}","templated":true}]}}